{"id":10017,"date":"2026-04-05T20:35:54","date_gmt":"2026-04-05T18:35:54","guid":{"rendered":"https:\/\/kontaktbeograd.rs\/?p=10017"},"modified":"2026-04-05T20:35:54","modified_gmt":"2026-04-05T18:35:54","slug":"zavrsen-je-medjunarodni-konkurs-apply-to-play-kontakt-x","status":"publish","type":"post","link":"https:\/\/kontaktbeograd.rs\/sr\/zavrsen-je-medjunarodni-konkurs-apply-to-play-kontakt-x\/","title":{"rendered":"Zavr\u0161en je me\u0111unarodni konkurs Apply to Play @ Kontakt X"},"content":{"rendered":"<p class=\"p1\"><b>VI\u0160E OD 200 PRIJAVLJENIH BENDOVA ZA SHOWCASE PROGRAM DESETE KONTAKT KONFERENCIJE<\/b><\/p>\n<p class=\"p1\">Beograd i ovog prole\u0107a postaje jedno od centara sna\u017ene, nove evropske muzi\u010dke scene \u2013 nova Kontakt konferencija, showcase i festival odigra\u0107e se od 16. do 18. aprila 2026. na vi\u0161e lokacija u Beogradu.<\/p>\n<p class=\"p1\">Osim \u0161to profesionalcima iz muzi\u010dke industrije pru\u017ea priliku da se pred po\u010detak festivalske sezone okupe, susretnu i da oja\u010daju me\u0111usobne poslovne veze, Kontakt ove godine prire\u0111uje i posebno iskustvo otkrivanja vi\u0161e od 30 autenti\u010dnih perspektivnih artista. Bendovi i izvo\u0111a\u010di koji \u0107e nastupiti u showcase delu programa dolaze iz razli\u010ditih zemalja, a kvalitetom su se izdvojili me\u0111u vi\u0161e od 200 prijavljenih na \u201eApply to play\u201c konkursu, koji je Kontakt raspisao. <b>Na desetom jubilarnom izdanju KONTAKT konferencije, showcase-a i festivala, od ove godine ponosnog \u010dlana European Talent Exchange porodice, upravo \u0107e showcase program biti u fokusu.<\/b><\/p>\n<p class=\"p1\">Za Srbiju, koja za razliku od ve\u0107ine evropskih zemalja nema oformljen muzi\u010dki <i>export office<\/i>, partnerstvo European Talent Exchange projekta sa Kontaktom predstavlja izuzetno va\u017ean korak. KONTAKT postaje klju\u010dni most za povezivanje doma\u0107ih i regionalnih muzi\u010dara sa evropskim tr\u017ei\u0161tem, festivalima i publikom. <b>Zato i poziv da se upoznaju artisti u okviru showcase dela programa, ove godine ima poseban zna\u010daj.<\/b><b><\/b><\/p>\n<p><img decoding=\"async\" class=\"lazyload aligncenter size-large wp-image-10020\" src=\"https:\/\/kontaktbeograd.rs\/wp-content\/uploads\/2026\/04\/Foto-Kontakt-konferencija-Dus\u030can-Milenkovic\u0301-1024x681.jpg\" data-orig-src=\"https:\/\/kontaktbeograd.rs\/wp-content\/uploads\/2026\/04\/Foto-Kontakt-konferencija-Dus\u030can-Milenkovic\u0301-1024x681.jpg\" alt=\"\" width=\"1024\" height=\"681\" srcset=\"data:image\/svg+xml,%3Csvg%20xmlns%3D%27http%3A%2F%2Fwww.w3.org%2F2000%2Fsvg%27%20width%3D%271024%27%20height%3D%27681%27%20viewBox%3D%270%200%201024%20681%27%3E%3Crect%20width%3D%271024%27%20height%3D%27681%27%20fill-opacity%3D%220%22%2F%3E%3C%2Fsvg%3E\" data-srcset=\"https:\/\/kontaktbeograd.rs\/wp-content\/uploads\/2026\/04\/Foto-Kontakt-konferencija-Dus\u030can-Milenkovic\u0301-200x133.jpg 200w, https:\/\/kontaktbeograd.rs\/wp-content\/uploads\/2026\/04\/Foto-Kontakt-konferencija-Dus\u030can-Milenkovic\u0301-300x199.jpg 300w, https:\/\/kontaktbeograd.rs\/wp-content\/uploads\/2026\/04\/Foto-Kontakt-konferencija-Dus\u030can-Milenkovic\u0301-400x266.jpg 400w, https:\/\/kontaktbeograd.rs\/wp-content\/uploads\/2026\/04\/Foto-Kontakt-konferencija-Dus\u030can-Milenkovic\u0301-600x399.jpg 600w, https:\/\/kontaktbeograd.rs\/wp-content\/uploads\/2026\/04\/Foto-Kontakt-konferencija-Dus\u030can-Milenkovic\u0301-768x510.jpg 768w, https:\/\/kontaktbeograd.rs\/wp-content\/uploads\/2026\/04\/Foto-Kontakt-konferencija-Dus\u030can-Milenkovic\u0301-800x532.jpg 800w, https:\/\/kontaktbeograd.rs\/wp-content\/uploads\/2026\/04\/Foto-Kontakt-konferencija-Dus\u030can-Milenkovic\u0301-1024x681.jpg 1024w, https:\/\/kontaktbeograd.rs\/wp-content\/uploads\/2026\/04\/Foto-Kontakt-konferencija-Dus\u030can-Milenkovic\u0301-1200x798.jpg 1200w, https:\/\/kontaktbeograd.rs\/wp-content\/uploads\/2026\/04\/Foto-Kontakt-konferencija-Dus\u030can-Milenkovic\u0301.jpg 1440w\" data-sizes=\"auto\" data-orig-sizes=\"(max-width: 1024px) 100vw, 1024px\" \/><\/p>\n<p class=\"p1\">Kroz deset godina kontinuiranog razvoja, beogradski KONTAKT se profilisao kao klju\u010dno mesto susreta muzi\u010dke industrije i savremene autorske scene regiona. Ulaskom u \u201eEuropean Talent Exchange\u201c program, njegovo delovanje je prevazi\u0161lo lokalne okvire i postalo aktivan deo evropske infrastrukture namenjene afirmaciji novih talenata. U tom kontekstu, ovogodi\u0161nje jubilarno izdanje konferencije predstavlja strate\u0161ki iskorak, potvr\u0111uju\u0107i da srpska, regionalna i evropska scena ravnopravno u\u010destvuju u oblikovanju savremenih muzi\u010dkih tokova.<\/p>\n<p class=\"p1\">Desti KONTAKT reflektuje aktuelni trenutak, aktivno kreira njegov sadr\u017eaj otvaraju\u0107i prostor za novu generaciju artista koja, upravo sada, defini\u0161e budu\u0107nost evropske muzi\u010dke scene.<\/p>\n<p class=\"p1\"><b>KONTAKT dolazi prirodno \u2013 od 16. do 18. aprila 2026<\/b>.<\/p>\n","protected":false},"excerpt":{"rendered":"<p>VI\u0160E OD 200 PRIJAVLJENIH BENDOVA ZA SHOWCASE PROGRAM DESETE KONTAKT KONFERENCIJE Beograd i ovog prole\u0107a postaje jedno<\/p>\n","protected":false},"author":6,"featured_media":10018,"comment_status":"closed","ping_status":"closed","sticky":false,"template":"","format":"standard","meta":{"footnotes":""},"categories":[64],"tags":[],"class_list":["post-10017","post","type-post","status-publish","format-standard","has-post-thumbnail","hentry","category-vesti-2023"],"yoast_head":"<!-- This site is optimized with the Yoast SEO plugin v27.4 - https:\/\/yoast.com\/product\/yoast-seo-wordpress\/ -->\n<title>Zavr\u0161en je me\u0111unarodni konkurs Apply to Play @ Kontakt X - Kontakt konferencija<\/title>\n<meta name=\"robots\" content=\"index, follow, max-snippet:-1, max-image-preview:large, max-video-preview:-1\" \/>\n<link rel=\"canonical\" href=\"https:\/\/kontaktbeograd.rs\/sr\/zavrsen-je-medjunarodni-konkurs-apply-to-play-kontakt-x\/\" \/>\n<meta property=\"og:locale\" content=\"sr_RS\" \/>\n<meta property=\"og:type\" content=\"article\" \/>\n<meta property=\"og:title\" content=\"Zavr\u0161en je me\u0111unarodni konkurs Apply to Play @ Kontakt X - Kontakt konferencija\" \/>\n<meta property=\"og:description\" content=\"VI\u0160E OD 200 PRIJAVLJENIH BENDOVA ZA SHOWCASE PROGRAM DESETE KONTAKT KONFERENCIJE Beograd i ovog prole\u0107a postaje jedno\" \/>\n<meta property=\"og:url\" content=\"https:\/\/kontaktbeograd.rs\/sr\/zavrsen-je-medjunarodni-konkurs-apply-to-play-kontakt-x\/\" \/>\n<meta property=\"og:site_name\" content=\"Kontakt konferencija\" \/>\n<meta property=\"article:publisher\" content=\"https:\/\/www.facebook.com\/KontaktBeograd\/\" \/>\n<meta property=\"article:published_time\" content=\"2026-04-05T18:35:54+00:00\" \/>\n<meta property=\"og:image\" content=\"https:\/\/kontaktbeograd.rs\/wp-content\/uploads\/2026\/04\/Kontakt-X.png\" \/>\n\t<meta property=\"og:image:width\" content=\"1920\" \/>\n\t<meta property=\"og:image:height\" content=\"1005\" \/>\n\t<meta property=\"og:image:type\" content=\"image\/png\" \/>\n<meta name=\"author\" content=\"Damjan\" \/>\n<meta name=\"twitter:card\" content=\"summary_large_image\" \/>\n<meta name=\"twitter:label1\" content=\"Napisano od\" \/>\n\t<meta name=\"twitter:data1\" content=\"Damjan\" \/>\n\t<meta name=\"twitter:label2\" content=\"Procenjeno vreme \u010ditanja\" \/>\n\t<meta name=\"twitter:data2\" content=\"1 minut\" \/>\n<script type=\"application\/ld+json\" class=\"yoast-schema-graph\">{\"@context\":\"https:\\\/\\\/schema.org\",\"@graph\":[{\"@type\":\"Article\",\"@id\":\"https:\\\/\\\/kontaktbeograd.rs\\\/sr\\\/zavrsen-je-medjunarodni-konkurs-apply-to-play-kontakt-x\\\/#article\",\"isPartOf\":{\"@id\":\"https:\\\/\\\/kontaktbeograd.rs\\\/sr\\\/zavrsen-je-medjunarodni-konkurs-apply-to-play-kontakt-x\\\/\"},\"author\":{\"name\":\"Damjan\",\"@id\":\"https:\\\/\\\/kontaktbeograd.rs\\\/sr\\\/#\\\/schema\\\/person\\\/04277ebc4f564e6cfcc0ddc8f711e301\"},\"headline\":\"Zavr\u0161en je me\u0111unarodni konkurs Apply to Play @ Kontakt X\",\"datePublished\":\"2026-04-05T18:35:54+00:00\",\"mainEntityOfPage\":{\"@id\":\"https:\\\/\\\/kontaktbeograd.rs\\\/sr\\\/zavrsen-je-medjunarodni-konkurs-apply-to-play-kontakt-x\\\/\"},\"wordCount\":337,\"publisher\":{\"@id\":\"https:\\\/\\\/kontaktbeograd.rs\\\/sr\\\/#organization\"},\"image\":{\"@id\":\"https:\\\/\\\/kontaktbeograd.rs\\\/sr\\\/zavrsen-je-medjunarodni-konkurs-apply-to-play-kontakt-x\\\/#primaryimage\"},\"thumbnailUrl\":\"https:\\\/\\\/kontaktbeograd.rs\\\/wp-content\\\/uploads\\\/2026\\\/04\\\/Kontakt-X.png\",\"articleSection\":[\"Vesti 2023\"],\"inLanguage\":\"sr-RS\"},{\"@type\":\"WebPage\",\"@id\":\"https:\\\/\\\/kontaktbeograd.rs\\\/sr\\\/zavrsen-je-medjunarodni-konkurs-apply-to-play-kontakt-x\\\/\",\"url\":\"https:\\\/\\\/kontaktbeograd.rs\\\/sr\\\/zavrsen-je-medjunarodni-konkurs-apply-to-play-kontakt-x\\\/\",\"name\":\"Zavr\u0161en je me\u0111unarodni konkurs Apply to Play @ Kontakt X - Kontakt konferencija\",\"isPartOf\":{\"@id\":\"https:\\\/\\\/kontaktbeograd.rs\\\/sr\\\/#website\"},\"primaryImageOfPage\":{\"@id\":\"https:\\\/\\\/kontaktbeograd.rs\\\/sr\\\/zavrsen-je-medjunarodni-konkurs-apply-to-play-kontakt-x\\\/#primaryimage\"},\"image\":{\"@id\":\"https:\\\/\\\/kontaktbeograd.rs\\\/sr\\\/zavrsen-je-medjunarodni-konkurs-apply-to-play-kontakt-x\\\/#primaryimage\"},\"thumbnailUrl\":\"https:\\\/\\\/kontaktbeograd.rs\\\/wp-content\\\/uploads\\\/2026\\\/04\\\/Kontakt-X.png\",\"datePublished\":\"2026-04-05T18:35:54+00:00\",\"breadcrumb\":{\"@id\":\"https:\\\/\\\/kontaktbeograd.rs\\\/sr\\\/zavrsen-je-medjunarodni-konkurs-apply-to-play-kontakt-x\\\/#breadcrumb\"},\"inLanguage\":\"sr-RS\",\"potentialAction\":[{\"@type\":\"ReadAction\",\"target\":[\"https:\\\/\\\/kontaktbeograd.rs\\\/sr\\\/zavrsen-je-medjunarodni-konkurs-apply-to-play-kontakt-x\\\/\"]}]},{\"@type\":\"ImageObject\",\"inLanguage\":\"sr-RS\",\"@id\":\"https:\\\/\\\/kontaktbeograd.rs\\\/sr\\\/zavrsen-je-medjunarodni-konkurs-apply-to-play-kontakt-x\\\/#primaryimage\",\"url\":\"https:\\\/\\\/kontaktbeograd.rs\\\/wp-content\\\/uploads\\\/2026\\\/04\\\/Kontakt-X.png\",\"contentUrl\":\"https:\\\/\\\/kontaktbeograd.rs\\\/wp-content\\\/uploads\\\/2026\\\/04\\\/Kontakt-X.png\",\"width\":1920,\"height\":1005},{\"@type\":\"BreadcrumbList\",\"@id\":\"https:\\\/\\\/kontaktbeograd.rs\\\/sr\\\/zavrsen-je-medjunarodni-konkurs-apply-to-play-kontakt-x\\\/#breadcrumb\",\"itemListElement\":[{\"@type\":\"ListItem\",\"position\":1,\"name\":\"Home\",\"item\":\"https:\\\/\\\/kontaktbeograd.rs\\\/sr\\\/\"},{\"@type\":\"ListItem\",\"position\":2,\"name\":\"Zavr\u0161en je me\u0111unarodni konkurs Apply to Play @ Kontakt X\"}]},{\"@type\":\"WebSite\",\"@id\":\"https:\\\/\\\/kontaktbeograd.rs\\\/sr\\\/#website\",\"url\":\"https:\\\/\\\/kontaktbeograd.rs\\\/sr\\\/\",\"name\":\"Kontakt konferencija\",\"description\":\"Kontakt 2025\",\"publisher\":{\"@id\":\"https:\\\/\\\/kontaktbeograd.rs\\\/sr\\\/#organization\"},\"potentialAction\":[{\"@type\":\"SearchAction\",\"target\":{\"@type\":\"EntryPoint\",\"urlTemplate\":\"https:\\\/\\\/kontaktbeograd.rs\\\/sr\\\/?s={search_term_string}\"},\"query-input\":{\"@type\":\"PropertyValueSpecification\",\"valueRequired\":true,\"valueName\":\"search_term_string\"}}],\"inLanguage\":\"sr-RS\"},{\"@type\":\"Organization\",\"@id\":\"https:\\\/\\\/kontaktbeograd.rs\\\/sr\\\/#organization\",\"name\":\"Kontakt konferencija\",\"url\":\"https:\\\/\\\/kontaktbeograd.rs\\\/sr\\\/\",\"logo\":{\"@type\":\"ImageObject\",\"inLanguage\":\"sr-RS\",\"@id\":\"https:\\\/\\\/kontaktbeograd.rs\\\/sr\\\/#\\\/schema\\\/logo\\\/image\\\/\",\"url\":\"https:\\\/\\\/www.kontakt.org.rs\\\/wp-content\\\/uploads\\\/2023\\\/01\\\/KONTAKT_23-header-logo-3.png\",\"contentUrl\":\"https:\\\/\\\/www.kontakt.org.rs\\\/wp-content\\\/uploads\\\/2023\\\/01\\\/KONTAKT_23-header-logo-3.png\",\"width\":706,\"height\":71,\"caption\":\"Kontakt konferencija\"},\"image\":{\"@id\":\"https:\\\/\\\/kontaktbeograd.rs\\\/sr\\\/#\\\/schema\\\/logo\\\/image\\\/\"},\"sameAs\":[\"https:\\\/\\\/www.facebook.com\\\/KontaktBeograd\\\/\",\"https:\\\/\\\/www.instagram.com\\\/kontakt_beograd\\\/\"]},{\"@type\":\"Person\",\"@id\":\"https:\\\/\\\/kontaktbeograd.rs\\\/sr\\\/#\\\/schema\\\/person\\\/04277ebc4f564e6cfcc0ddc8f711e301\",\"name\":\"Damjan\",\"image\":{\"@type\":\"ImageObject\",\"inLanguage\":\"sr-RS\",\"@id\":\"https:\\\/\\\/secure.gravatar.com\\\/avatar\\\/f9780182f5955094618fcca0ba54771a8dd4660dfa42f30807d07a24dd9a906e?s=96&d=mm&r=g\",\"url\":\"https:\\\/\\\/secure.gravatar.com\\\/avatar\\\/f9780182f5955094618fcca0ba54771a8dd4660dfa42f30807d07a24dd9a906e?s=96&d=mm&r=g\",\"contentUrl\":\"https:\\\/\\\/secure.gravatar.com\\\/avatar\\\/f9780182f5955094618fcca0ba54771a8dd4660dfa42f30807d07a24dd9a906e?s=96&d=mm&r=g\",\"caption\":\"Damjan\"},\"url\":\"https:\\\/\\\/kontaktbeograd.rs\\\/sr\\\/author\\\/damjan\\\/\"}]}<\/script>\n<!-- \/ Yoast SEO plugin. -->","yoast_head_json":{"title":"Zavr\u0161en je me\u0111unarodni konkurs Apply to Play @ Kontakt X - Kontakt konferencija","robots":{"index":"index","follow":"follow","max-snippet":"max-snippet:-1","max-image-preview":"max-image-preview:large","max-video-preview":"max-video-preview:-1"},"canonical":"https:\/\/kontaktbeograd.rs\/sr\/zavrsen-je-medjunarodni-konkurs-apply-to-play-kontakt-x\/","og_locale":"sr_RS","og_type":"article","og_title":"Zavr\u0161en je me\u0111unarodni konkurs Apply to Play @ Kontakt X - Kontakt konferencija","og_description":"VI\u0160E OD 200 PRIJAVLJENIH BENDOVA ZA SHOWCASE PROGRAM DESETE KONTAKT KONFERENCIJE Beograd i ovog prole\u0107a postaje jedno","og_url":"https:\/\/kontaktbeograd.rs\/sr\/zavrsen-je-medjunarodni-konkurs-apply-to-play-kontakt-x\/","og_site_name":"Kontakt konferencija","article_publisher":"https:\/\/www.facebook.com\/KontaktBeograd\/","article_published_time":"2026-04-05T18:35:54+00:00","og_image":[{"width":1920,"height":1005,"url":"https:\/\/kontaktbeograd.rs\/wp-content\/uploads\/2026\/04\/Kontakt-X.png","type":"image\/png"}],"author":"Damjan","twitter_card":"summary_large_image","twitter_misc":{"Napisano od":"Damjan","Procenjeno vreme \u010ditanja":"1 minut"},"schema":{"@context":"https:\/\/schema.org","@graph":[{"@type":"Article","@id":"https:\/\/kontaktbeograd.rs\/sr\/zavrsen-je-medjunarodni-konkurs-apply-to-play-kontakt-x\/#article","isPartOf":{"@id":"https:\/\/kontaktbeograd.rs\/sr\/zavrsen-je-medjunarodni-konkurs-apply-to-play-kontakt-x\/"},"author":{"name":"Damjan","@id":"https:\/\/kontaktbeograd.rs\/sr\/#\/schema\/person\/04277ebc4f564e6cfcc0ddc8f711e301"},"headline":"Zavr\u0161en je me\u0111unarodni konkurs Apply to Play @ Kontakt X","datePublished":"2026-04-05T18:35:54+00:00","mainEntityOfPage":{"@id":"https:\/\/kontaktbeograd.rs\/sr\/zavrsen-je-medjunarodni-konkurs-apply-to-play-kontakt-x\/"},"wordCount":337,"publisher":{"@id":"https:\/\/kontaktbeograd.rs\/sr\/#organization"},"image":{"@id":"https:\/\/kontaktbeograd.rs\/sr\/zavrsen-je-medjunarodni-konkurs-apply-to-play-kontakt-x\/#primaryimage"},"thumbnailUrl":"https:\/\/kontaktbeograd.rs\/wp-content\/uploads\/2026\/04\/Kontakt-X.png","articleSection":["Vesti 2023"],"inLanguage":"sr-RS"},{"@type":"WebPage","@id":"https:\/\/kontaktbeograd.rs\/sr\/zavrsen-je-medjunarodni-konkurs-apply-to-play-kontakt-x\/","url":"https:\/\/kontaktbeograd.rs\/sr\/zavrsen-je-medjunarodni-konkurs-apply-to-play-kontakt-x\/","name":"Zavr\u0161en je me\u0111unarodni konkurs Apply to Play @ Kontakt X - Kontakt konferencija","isPartOf":{"@id":"https:\/\/kontaktbeograd.rs\/sr\/#website"},"primaryImageOfPage":{"@id":"https:\/\/kontaktbeograd.rs\/sr\/zavrsen-je-medjunarodni-konkurs-apply-to-play-kontakt-x\/#primaryimage"},"image":{"@id":"https:\/\/kontaktbeograd.rs\/sr\/zavrsen-je-medjunarodni-konkurs-apply-to-play-kontakt-x\/#primaryimage"},"thumbnailUrl":"https:\/\/kontaktbeograd.rs\/wp-content\/uploads\/2026\/04\/Kontakt-X.png","datePublished":"2026-04-05T18:35:54+00:00","breadcrumb":{"@id":"https:\/\/kontaktbeograd.rs\/sr\/zavrsen-je-medjunarodni-konkurs-apply-to-play-kontakt-x\/#breadcrumb"},"inLanguage":"sr-RS","potentialAction":[{"@type":"ReadAction","target":["https:\/\/kontaktbeograd.rs\/sr\/zavrsen-je-medjunarodni-konkurs-apply-to-play-kontakt-x\/"]}]},{"@type":"ImageObject","inLanguage":"sr-RS","@id":"https:\/\/kontaktbeograd.rs\/sr\/zavrsen-je-medjunarodni-konkurs-apply-to-play-kontakt-x\/#primaryimage","url":"https:\/\/kontaktbeograd.rs\/wp-content\/uploads\/2026\/04\/Kontakt-X.png","contentUrl":"https:\/\/kontaktbeograd.rs\/wp-content\/uploads\/2026\/04\/Kontakt-X.png","width":1920,"height":1005},{"@type":"BreadcrumbList","@id":"https:\/\/kontaktbeograd.rs\/sr\/zavrsen-je-medjunarodni-konkurs-apply-to-play-kontakt-x\/#breadcrumb","itemListElement":[{"@type":"ListItem","position":1,"name":"Home","item":"https:\/\/kontaktbeograd.rs\/sr\/"},{"@type":"ListItem","position":2,"name":"Zavr\u0161en je me\u0111unarodni konkurs Apply to Play @ Kontakt X"}]},{"@type":"WebSite","@id":"https:\/\/kontaktbeograd.rs\/sr\/#website","url":"https:\/\/kontaktbeograd.rs\/sr\/","name":"Kontakt konferencija","description":"Kontakt 2025","publisher":{"@id":"https:\/\/kontaktbeograd.rs\/sr\/#organization"},"potentialAction":[{"@type":"SearchAction","target":{"@type":"EntryPoint","urlTemplate":"https:\/\/kontaktbeograd.rs\/sr\/?s={search_term_string}"},"query-input":{"@type":"PropertyValueSpecification","valueRequired":true,"valueName":"search_term_string"}}],"inLanguage":"sr-RS"},{"@type":"Organization","@id":"https:\/\/kontaktbeograd.rs\/sr\/#organization","name":"Kontakt konferencija","url":"https:\/\/kontaktbeograd.rs\/sr\/","logo":{"@type":"ImageObject","inLanguage":"sr-RS","@id":"https:\/\/kontaktbeograd.rs\/sr\/#\/schema\/logo\/image\/","url":"https:\/\/www.kontakt.org.rs\/wp-content\/uploads\/2023\/01\/KONTAKT_23-header-logo-3.png","contentUrl":"https:\/\/www.kontakt.org.rs\/wp-content\/uploads\/2023\/01\/KONTAKT_23-header-logo-3.png","width":706,"height":71,"caption":"Kontakt konferencija"},"image":{"@id":"https:\/\/kontaktbeograd.rs\/sr\/#\/schema\/logo\/image\/"},"sameAs":["https:\/\/www.facebook.com\/KontaktBeograd\/","https:\/\/www.instagram.com\/kontakt_beograd\/"]},{"@type":"Person","@id":"https:\/\/kontaktbeograd.rs\/sr\/#\/schema\/person\/04277ebc4f564e6cfcc0ddc8f711e301","name":"Damjan","image":{"@type":"ImageObject","inLanguage":"sr-RS","@id":"https:\/\/secure.gravatar.com\/avatar\/f9780182f5955094618fcca0ba54771a8dd4660dfa42f30807d07a24dd9a906e?s=96&d=mm&r=g","url":"https:\/\/secure.gravatar.com\/avatar\/f9780182f5955094618fcca0ba54771a8dd4660dfa42f30807d07a24dd9a906e?s=96&d=mm&r=g","contentUrl":"https:\/\/secure.gravatar.com\/avatar\/f9780182f5955094618fcca0ba54771a8dd4660dfa42f30807d07a24dd9a906e?s=96&d=mm&r=g","caption":"Damjan"},"url":"https:\/\/kontaktbeograd.rs\/sr\/author\/damjan\/"}]}},"_links":{"self":[{"href":"https:\/\/kontaktbeograd.rs\/sr\/wp-json\/wp\/v2\/posts\/10017","targetHints":{"allow":["GET"]}}],"collection":[{"href":"https:\/\/kontaktbeograd.rs\/sr\/wp-json\/wp\/v2\/posts"}],"about":[{"href":"https:\/\/kontaktbeograd.rs\/sr\/wp-json\/wp\/v2\/types\/post"}],"author":[{"embeddable":true,"href":"https:\/\/kontaktbeograd.rs\/sr\/wp-json\/wp\/v2\/users\/6"}],"replies":[{"embeddable":true,"href":"https:\/\/kontaktbeograd.rs\/sr\/wp-json\/wp\/v2\/comments?post=10017"}],"version-history":[{"count":1,"href":"https:\/\/kontaktbeograd.rs\/sr\/wp-json\/wp\/v2\/posts\/10017\/revisions"}],"predecessor-version":[{"id":10022,"href":"https:\/\/kontaktbeograd.rs\/sr\/wp-json\/wp\/v2\/posts\/10017\/revisions\/10022"}],"wp:featuredmedia":[{"embeddable":true,"href":"https:\/\/kontaktbeograd.rs\/sr\/wp-json\/wp\/v2\/media\/10018"}],"wp:attachment":[{"href":"https:\/\/kontaktbeograd.rs\/sr\/wp-json\/wp\/v2\/media?parent=10017"}],"wp:term":[{"taxonomy":"category","embeddable":true,"href":"https:\/\/kontaktbeograd.rs\/sr\/wp-json\/wp\/v2\/categories?post=10017"},{"taxonomy":"post_tag","embeddable":true,"href":"https:\/\/kontaktbeograd.rs\/sr\/wp-json\/wp\/v2\/tags?post=10017"}],"curies":[{"name":"wp","href":"https:\/\/api.w.org\/{rel}","templated":true}]}}